{"id":345,"date":"2023-02-02T17:28:26","date_gmt":"2023-02-02T16:28:26","guid":{"rendered":"https:\/\/a-reta.org\/?p=345"},"modified":"2023-02-02T17:43:31","modified_gmt":"2023-02-02T16:43:31","slug":"mobilisation-du-31-balagne","status":"publish","type":"post","link":"https:\/\/a-reta.org\/index.php\/2023\/02\/02\/mobilisation-du-31-balagne\/","title":{"rendered":"Mobilisation du 31, BALAGNE"},"content":{"rendered":"\n<p><\/p>\n\n\n\n<p>Torna una cinquantina di manifestanti si s\u00f2 aduniti davant&#8217;\u00e0 a sottu prifittura di Calvi in difesa di u sistema di i ritirate \u00e8 di e cundizione di camp\u00e0 di u mondu di u travagliu. A Reta-sucialisimu o barbaria Balagna tene \u00e0 salut\u00e0 sta bella andatura sulidaria. U travagliu di mubilisazione h\u00e8 sempre un&#8217;affare \u00e0 longu and\u00e0. Ma d&#8217;una zappata p\u00f2 nasce un&#8217;fiore. Qui in Calvi si parte di guasi nulla p\u00e0 ci\u00f2 ch\u00ec tocca \u00e0 e mubilisazione suciale. H\u00e8 p\u00e0 quessa ch&#8217;ellu ci tocca \u00e0 cuntinu\u00e0 \u00e8 \u00e0 seguit\u00e0 u chjassu. <\/p>\n\n\n\n<p>L&#8217;arrogance de l&#8217;Ex\u00e9cutif est sans borne. Que notre d\u00e9termination le soit tout autant. Nous vous donnons rendez-vous tr\u00e8s vite pour un nouveau rassemblement. En esp\u00e9rant vous retrouvez \u00e0 nos c\u00f4t\u00e9s, toujours plus d\u00e9termin\u00e9s. En route pour la gr\u00e8ve reconductible. \u00c0 a prossima. <\/p>\n\n\n\n<hr class=\"wp-block-separator has-alpha-channel-opacity\"\/>\n\n\n\n<figure class=\"wp-block-embed is-type-video is-provider-youtube wp-block-embed-youtube wp-embed-aspect-16-9 wp-has-aspect-ratio\"><div class=\"wp-block-embed__wrapper\">\n<div class='embed-container'><iframe loading=\"lazy\" title=\"RETRAITES : &quot;LE GOUVERNEMENT VEUT FAVORISER LES PLUS RICHES AUX D\u00c9TRIMENTS DES CLASSES POPULAIRES &quot;\" width=\"1920\" height=\"1080\" src=\"https:\/\/www.youtube.com\/embed\/cmeQ_yKfAFw?feature=oembed\" frameborder=\"0\" allow=\"accelerometer; autoplay; clipboard-write; encrypted-media; gyroscope; picture-in-picture; web-share\" allowfullscreen><\/iframe><\/div>\n<\/div><\/figure>\n\n\n\n<div style=\"position:relative;padding-bottom:57.25%;\"><iframe style=\"position:absolute;top:0;left:0;width:100%;height:100%;\" allowfullscreen=\"allowfullscreen\" allow=\"autoplay;fullscreen;geolocation\" src=\"https:\/\/player.myvideoplace.tv\/?v=TELE_PAD_310123-5\" frameborder=\"0\"><\/iframe><\/div>\n\n\n\n<hr class=\"wp-block-separator has-alpha-channel-opacity\"\/>\n\n\n\n<p>IMAGES Via T\u00e9L\u00e9PAESE  : <strong><a href=\"https:\/\/viatelepaese.tv\/\">https:\/\/viatelepaese.tv\/<\/a><\/strong><\/p>\n\n\n<div class=\"is-style-icons wp-block-themeisle-blocks-sharing-icons\" id=\"wp-block-themeisle-blocks-sharing-icons-eb16724d\"><div class=\"social-icons-wrap\"><a class=\"social-icon is-facebook\" href=\"https:\/\/www.facebook.com\/sharer\/sharer.php?u=https:\/\/a-reta.org\/index.php\/wp-json\/wp\/v2\/posts\/345&#038;title=Mobilisation%20du%2031,%20BALAGNE\" target=\"_blank\"><svg xmlns=\"http:\/\/www.w3.org\/2000\/svg\" viewBox=\"0 0 512 512\"><!--!Font Awesome Free 6.6.0 by @fontawesome - https:\/\/fontawesome.com License - https:\/\/fontawesome.com\/license\/free Copyright 2024 Fonticons, Inc.--><path d=\"M512 256C512 114.6 397.4 0 256 0S0 114.6 0 256C0 376 82.7 476.8 194.2 504.5V334.2H141.4V256h52.8V222.3c0-87.1 39.4-127.5 125-127.5c16.2 0 44.2 3.2 55.7 6.4V172c-6-.6-16.5-1-29.6-1c-42 0-58.2 15.9-58.2 57.2V256h83.6l-14.4 78.2H287V510.1C413.8 494.8 512 386.9 512 256h0z\"\/><\/svg><span class=\"v-line\"><\/span><\/a><a class=\"social-icon is-twitter\" href=\"http:\/\/x.com\/share?url=https:\/\/a-reta.org\/index.php\/wp-json\/wp\/v2\/posts\/345&#038;text=Mobilisation%20du%2031,%20BALAGNE\" target=\"_blank\"><svg xmlns=\"http:\/\/www.w3.org\/2000\/svg\" viewBox=\"0 0 512 512\"><!--!Font Awesome Free 6.6.0 by @fontawesome - https:\/\/fontawesome.com License - https:\/\/fontawesome.com\/license\/free Copyright 2024 Fonticons, Inc.--><title>Share on X<\/title><path d=\"M389.2 48h70.6L305.6 224.2 487 464H345L233.7 318.6 106.5 464H35.8L200.7 275.5 26.8 48H172.4L272.9 180.9 389.2 48zM364.4 421.8h39.1L151.1 88h-42L364.4 421.8z\"\/><\/svg><\/a><a class=\"social-icon is-pinterest\" href=\"https:\/\/pinterest.com\/pin\/create\/button\/?url=https:\/\/a-reta.org\/index.php\/wp-json\/wp\/v2\/posts\/345&#038;description=Mobilisation%20du%2031,%20BALAGNE\" target=\"_blank\"><svg xmlns=\"http:\/\/www.w3.org\/2000\/svg\" viewBox=\"0 0 384 512\"><!--!Font Awesome Free 6.6.0 by @fontawesome - https:\/\/fontawesome.com License - https:\/\/fontawesome.com\/license\/free Copyright 2024 Fonticons, Inc.--><path d=\"M204 6.5C101.4 6.5 0 74.9 0 185.6 0 256 39.6 296 63.6 296c9.9 0 15.6-27.6 15.6-35.4 0-9.3-23.7-29.1-23.7-67.8 0-80.4 61.2-137.4 140.4-137.4 68.1 0 118.5 38.7 118.5 109.8 0 53.1-21.3 152.7-90.3 152.7-24.9 0-46.2-18-46.2-43.8 0-37.8 26.4-74.4 26.4-113.4 0-66.2-93.9-54.2-93.9 25.8 0 16.8 2.1 35.4 9.6 50.7-13.8 59.4-42 147.9-42 209.1 0 18.9 2.7 37.5 4.5 56.4 3.4 3.8 1.7 3.4 6.9 1.5 50.4-69 48.6-82.5 71.4-172.8 12.3 23.4 44.1 36 69.3 36 106.2 0 153.9-103.5 153.9-196.8C384 71.3 298.2 6.5 204 6.5z\"\/><\/svg><span class=\"v-line\"><\/span><\/a><\/div><\/div>\n\n","protected":false},"excerpt":{"rendered":"<p>Torna una cinquantina di manifestanti si s\u00f2 aduniti davant&#8217;\u00e0 a sottu prifittura di Calvi in difesa di u sistema di i ritirate \u00e8 di e cundizione di camp\u00e0 di u mondu di u travagliu. A Reta-sucialisimu o barbaria Balagna tene \u00e0 salut\u00e0 sta bella andatura sulidaria. U travagliu di mubilisazione h\u00e8 sempre un&#8217;affare \u00e0 longu&hellip; <br \/> <a class=\"read-more\" href=\"https:\/\/a-reta.org\/index.php\/2023\/02\/02\/mobilisation-du-31-balagne\/\">Read more<\/a><\/p>\n","protected":false},"author":1,"featured_media":349,"comment_status":"closed","ping_status":"closed","sticky":false,"template":"","format":"standard","meta":{"_themeisle_gutenberg_block_has_review":false,"cybocfi_hide_featured_image":"yes","footnotes":""},"categories":[21,22,6,18],"tags":[27,24],"class_list":["post-345","post","type-post","status-publish","format-standard","has-post-thumbnail","hentry","category-balagne","category-calvi","category-mobilisation","category-rassemblement","tag-macron-rends-le-pognon","tag-retraite"],"_links":{"self":[{"href":"https:\/\/a-reta.org\/index.php\/wp-json\/wp\/v2\/posts\/345","targetHints":{"allow":["GET"]}}],"collection":[{"href":"https:\/\/a-reta.org\/index.php\/wp-json\/wp\/v2\/posts"}],"about":[{"href":"https:\/\/a-reta.org\/index.php\/wp-json\/wp\/v2\/types\/post"}],"author":[{"embeddable":true,"href":"https:\/\/a-reta.org\/index.php\/wp-json\/wp\/v2\/users\/1"}],"replies":[{"embeddable":true,"href":"https:\/\/a-reta.org\/index.php\/wp-json\/wp\/v2\/comments?post=345"}],"version-history":[{"count":5,"href":"https:\/\/a-reta.org\/index.php\/wp-json\/wp\/v2\/posts\/345\/revisions"}],"predecessor-version":[{"id":354,"href":"https:\/\/a-reta.org\/index.php\/wp-json\/wp\/v2\/posts\/345\/revisions\/354"}],"wp:featuredmedia":[{"embeddable":true,"href":"https:\/\/a-reta.org\/index.php\/wp-json\/wp\/v2\/media\/349"}],"wp:attachment":[{"href":"https:\/\/a-reta.org\/index.php\/wp-json\/wp\/v2\/media?parent=345"}],"wp:term":[{"taxonomy":"category","embeddable":true,"href":"https:\/\/a-reta.org\/index.php\/wp-json\/wp\/v2\/categories?post=345"},{"taxonomy":"post_tag","embeddable":true,"href":"https:\/\/a-reta.org\/index.php\/wp-json\/wp\/v2\/tags?post=345"}],"curies":[{"name":"wp","href":"https:\/\/api.w.org\/{rel}","templated":true}]}}